{"id":1128,"date":"2016-09-23T11:43:20","date_gmt":"2016-09-23T09:43:20","guid":{"rendered":"http:\/\/levangilealecran.com?p=1128"},"modified":"2016-09-23T11:43:20","modified_gmt":"2016-09-23T09:43:20","slug":"26e-dimanche-c-2","status":"publish","type":"post","link":"https:\/\/levangilealecran.com\/?p=1128","title":{"rendered":"26e dimanche &#8211; C"},"content":{"rendered":"<p style=\"text-align: justify;\">\u00ab\u00a0En ce temps-l\u00e0, J\u00e9sus disait aux pharisiens :<br \/>\n\u00ab Il y avait un homme riche, v\u00eatu de pourpre et de lin fin,<br \/>\nqui faisait chaque jour des festins somptueux.<br \/>\nDevant son portail gisait un pauvre nomm\u00e9 Lazare,<br \/>\nqui \u00e9tait couvert d\u2019ulc\u00e8res.\u00a0\u00bb (Luc 16,19-20)<\/p>\n<p style=\"text-align: justify;\">&gt; D\u00e8s le d\u00e9but de cette parabole, J\u00e9sus attire notre attention sur l&rsquo;apparence. Pour mieux nous dire ensuite qu&rsquo;il nous faut regarder avec le coeur, et non avec nos seuls yeux. Peu importe l&rsquo;aspect de telle ou telle personne, ce qui compte c&rsquo;est d&rsquo;abord qu&rsquo;elle est un \u00eatre humain, comme nous, et aim\u00e9e de Dieu, comme nous.<\/p>\n<p style=\"text-align: justify;\">Cette semaine, il nous est donc\u00a0propos\u00e9 de ne pas se laisser abuser par les apparences mais d&rsquo;essayer de regarder avec notre\u00a0coeur.<\/p>\n","protected":false},"excerpt":{"rendered":"<p>\u00ab\u00a0En ce temps-l\u00e0, J\u00e9sus disait aux pharisiens : \u00ab Il y avait un homme riche, v\u00eatu de pourpre et de lin fin, qui faisait chaque jour des festins somptueux. Devant son portail gisait un pauvre nomm\u00e9 Lazare, qui \u00e9tait couvert d\u2019ulc\u00e8res.\u00a0\u00bb (Luc 16,19-20) &gt; D\u00e8s le d\u00e9but de cette parabole, J\u00e9sus attire notre attention sur l&rsquo;apparence. Pour mieux nous dire ensuite qu&rsquo;il nous faut regarder avec le coeur, et non avec nos seuls yeux. Peu importe l&rsquo;aspect de telle ou telle personne, ce qui compte c&rsquo;est d&rsquo;abord qu&rsquo;elle est un \u00eatre humain, comme nous, et aim\u00e9e de Dieu, comme nous. Cette semaine, il nous est donc\u00a0propos\u00e9 de ne pas se \u2026 <a class=\"continue-reading-link\" href=\"https:\/\/levangilealecran.com\/?p=1128\"> Continue reading <span class=\"meta-nav\">&rarr; <\/span><\/a><\/p>\n","protected":false},"author":1,"featured_media":0,"comment_status":"open","ping_status":"open","sticky":false,"template":"","format":"standard","meta":{"footnotes":""},"categories":[4,6],"tags":[515,27,431,209],"class_list":["post-1128","post","type-post","status-publish","format-standard","hentry","category-dimanche","category-luc","tag-apparences","tag-coeur","tag-luc","tag-regard"],"_links":{"self":[{"href":"https:\/\/levangilealecran.com\/index.php?rest_route=\/wp\/v2\/posts\/1128","targetHints":{"allow":["GET"]}}],"collection":[{"href":"https:\/\/levangilealecran.com\/index.php?rest_route=\/wp\/v2\/posts"}],"about":[{"href":"https:\/\/levangilealecran.com\/index.php?rest_route=\/wp\/v2\/types\/post"}],"author":[{"embeddable":true,"href":"https:\/\/levangilealecran.com\/index.php?rest_route=\/wp\/v2\/users\/1"}],"replies":[{"embeddable":true,"href":"https:\/\/levangilealecran.com\/index.php?rest_route=%2Fwp%2Fv2%2Fcomments&post=1128"}],"version-history":[{"count":1,"href":"https:\/\/levangilealecran.com\/index.php?rest_route=\/wp\/v2\/posts\/1128\/revisions"}],"predecessor-version":[{"id":1129,"href":"https:\/\/levangilealecran.com\/index.php?rest_route=\/wp\/v2\/posts\/1128\/revisions\/1129"}],"wp:attachment":[{"href":"https:\/\/levangilealecran.com\/index.php?rest_route=%2Fwp%2Fv2%2Fmedia&parent=1128"}],"wp:term":[{"taxonomy":"category","embeddable":true,"href":"https:\/\/levangilealecran.com\/index.php?rest_route=%2Fwp%2Fv2%2Fcategories&post=1128"},{"taxonomy":"post_tag","embeddable":true,"href":"https:\/\/levangilealecran.com\/index.php?rest_route=%2Fwp%2Fv2%2Ftags&post=1128"}],"curies":[{"name":"wp","href":"https:\/\/api.w.org\/{rel}","templated":true}]}}