{"id":1101,"date":"2016-07-22T08:00:26","date_gmt":"2016-07-22T06:00:26","guid":{"rendered":"http:\/\/levangilealecran.com?p=1101"},"modified":"2016-07-15T15:47:29","modified_gmt":"2016-07-15T13:47:29","slug":"17e-dimanche-c-2","status":"publish","type":"post","link":"https:\/\/levangilealecran.com\/?p=1101","title":{"rendered":"17e dimanche &#8211; C"},"content":{"rendered":"<p style=\"text-align: justify;\">J\u00e9sus leur r\u00e9pondit : \u00ab Quand vous priez, dites : P\u00e8re, que ton nom soit sanctifi\u00e9, que ton r\u00e8gne vienne. \u00bb (Lc 11, 3)<\/p>\n<p style=\"text-align: justify;\"><strong>&gt; Le \u00ab Notre P\u00e8re \u00bb que nous r\u00e9citons, nous a \u00e9t\u00e9 donn\u00e9 par J\u00e9sus. Quelle richesse ! Et cette pri\u00e8re commence par \u00ab P\u00e8re \u00bb. On pourrait arr\u00eater la pri\u00e8re apr\u00e8s ce mot: \u00ab P\u00e8re \u00bb&#8230;<\/strong><br \/>\n<strong>C\u2019est une invitation \u00e0 entrer en relation avec un Dieu qui se fait proche. Est-ce que nous r\u00e9alisons la chance que nous avons de pouvoir parler \u00e0 Dieu, comme \u00e0 un p\u00e8re, comme \u00e0 un proche ? Ce p\u00e8re c\u00e9leste qui est un p\u00e8re avec qui nous pouvons \u00eatre en totale confiance (comme nous dit la suite du texte de ce dimanche), un p\u00e8re \u00e0 qui nous pouvons tout demander, un p\u00e8re qui prend soin de nous, un P\u00e8re\u2026 Quel myst\u00e8re que ce P\u00e8re si grand et si proche\u2026 Notre P\u00e8re\u2026 Mon P\u00e8re\u2026 Papa\u2026<\/strong><\/p>\n<p style=\"text-align: justify;\"><strong>&gt; Cette semaine, \u00e0 chaque fois que nous\u00a0r\u00e9citerons le \u00ab Notre P\u00e8re \u00bb, disons\u00a0lentement le d\u00e9but de cette pri\u00e8re, savourons ces mots : \u00ab Notre P\u00e8re \u00bb et contemplons ce qui se vit au c\u0153ur de cette relation entre nous\u00a0et notre\u00a0P\u00e8re.<\/strong><\/p>\n","protected":false},"excerpt":{"rendered":"<p>J\u00e9sus leur r\u00e9pondit : \u00ab Quand vous priez, dites : P\u00e8re, que ton nom soit sanctifi\u00e9, que ton r\u00e8gne vienne. \u00bb (Lc 11, 3) &gt; Le \u00ab Notre P\u00e8re \u00bb que nous r\u00e9citons, nous a \u00e9t\u00e9 donn\u00e9 par J\u00e9sus. Quelle richesse ! Et cette pri\u00e8re commence par \u00ab P\u00e8re \u00bb. On pourrait arr\u00eater la pri\u00e8re apr\u00e8s ce mot: \u00ab P\u00e8re \u00bb&#8230; C\u2019est une invitation \u00e0 entrer en relation avec un Dieu qui se fait proche. Est-ce que nous r\u00e9alisons la chance que nous avons de pouvoir parler \u00e0 Dieu, comme \u00e0 un p\u00e8re, comme \u00e0 un proche ? Ce p\u00e8re c\u00e9leste qui est un p\u00e8re avec qui nous pouvons \u00eatre \u2026 <a class=\"continue-reading-link\" href=\"https:\/\/levangilealecran.com\/?p=1101\"> Continue reading <span class=\"meta-nav\">&rarr; <\/span><\/a><\/p>\n","protected":false},"author":1,"featured_media":0,"comment_status":"open","ping_status":"open","sticky":false,"template":"","format":"standard","meta":{"footnotes":""},"categories":[4,6],"tags":[160,530,272,31],"class_list":["post-1101","post","type-post","status-publish","format-standard","hentry","category-dimanche","category-luc","tag-meditation","tag-notrepere","tag-pere","tag-priere"],"_links":{"self":[{"href":"https:\/\/levangilealecran.com\/index.php?rest_route=\/wp\/v2\/posts\/1101","targetHints":{"allow":["GET"]}}],"collection":[{"href":"https:\/\/levangilealecran.com\/index.php?rest_route=\/wp\/v2\/posts"}],"about":[{"href":"https:\/\/levangilealecran.com\/index.php?rest_route=\/wp\/v2\/types\/post"}],"author":[{"embeddable":true,"href":"https:\/\/levangilealecran.com\/index.php?rest_route=\/wp\/v2\/users\/1"}],"replies":[{"embeddable":true,"href":"https:\/\/levangilealecran.com\/index.php?rest_route=%2Fwp%2Fv2%2Fcomments&post=1101"}],"version-history":[{"count":2,"href":"https:\/\/levangilealecran.com\/index.php?rest_route=\/wp\/v2\/posts\/1101\/revisions"}],"predecessor-version":[{"id":1636,"href":"https:\/\/levangilealecran.com\/index.php?rest_route=\/wp\/v2\/posts\/1101\/revisions\/1636"}],"wp:attachment":[{"href":"https:\/\/levangilealecran.com\/index.php?rest_route=%2Fwp%2Fv2%2Fmedia&parent=1101"}],"wp:term":[{"taxonomy":"category","embeddable":true,"href":"https:\/\/levangilealecran.com\/index.php?rest_route=%2Fwp%2Fv2%2Fcategories&post=1101"},{"taxonomy":"post_tag","embeddable":true,"href":"https:\/\/levangilealecran.com\/index.php?rest_route=%2Fwp%2Fv2%2Ftags&post=1101"}],"curies":[{"name":"wp","href":"https:\/\/api.w.org\/{rel}","templated":true}]}}