{"id":1092,"date":"2016-06-24T11:18:26","date_gmt":"2016-06-24T09:18:26","guid":{"rendered":"http:\/\/levangilealecran.com?p=1092"},"modified":"2016-06-24T11:18:26","modified_gmt":"2016-06-24T09:18:26","slug":"13e-dimanche-c-2","status":"publish","type":"post","link":"https:\/\/levangilealecran.com\/?p=1092","title":{"rendered":"13e dimanche &#8211; C"},"content":{"rendered":"<p style=\"text-align: justify;\">\u00ab\u00a0J\u00e9sus lui r\u00e9pondit : &lsquo;Quiconque met la main \u00e0 la charrue, puis regarde en arri\u00e8re, n&rsquo;est pas fait pour le royaume de Dieu&rsquo;.\u00a0\u00bb (Lc 9, 62)<\/p>\n<p style=\"text-align: justify;\"><strong>&gt;Nous connaissons tous l&rsquo;adage populaire \u00ab\u00a0il ne faut pas mettre la charrue avant les b\u0153ufs\u00a0\u00bb. Expression souvent employ\u00e9e pour calmer les ardeurs de quelqu&rsquo;un qui se pr\u00e9cipite un peu trop. Mais cet adage est vou\u00e9 \u00e0 dispara\u00eetre, il suffit de se balader dans une zone rurale pour voir que maintenant nos chers paysans ont une charrue \u00e0 l&rsquo;arri\u00e8re et une \u00e0 l&rsquo;avant !<\/strong><\/p>\n<p style=\"text-align: justify;\"><strong>J\u00e9sus nous donne dans son \u00e9vangile une solution, peut \u00eatre la solution pour vivre ! <\/strong><strong>Ne pas s&rsquo;arr\u00eater sur le chemin qui m\u00e8ne \u00e0 Lui ! Il y aura sans doute des obstacles, de grosses pierres qui bloqueront le passage de la charrue mais regardons face \u00e0 nous, le Christ est la et il nous guide ! Le Chemin est long et notre charrue de plus en plus lourde mais avan\u00e7ons car Il nous r\u00e9serve une grande r\u00e9colte !<\/strong><\/p>\n<p style=\"text-align: justify;\"><strong>Unissons nos pri\u00e8res pour tous les hommes qui vont consacrer leur vie \u00e0 Dieu ce week-end et ainsi qu&rsquo;\u00e0 tous ceux qui d\u00e9cident de le suivre tous les jours.<\/strong><\/p>\n","protected":false},"excerpt":{"rendered":"<p>\u00ab\u00a0J\u00e9sus lui r\u00e9pondit : &lsquo;Quiconque met la main \u00e0 la charrue, puis regarde en arri\u00e8re, n&rsquo;est pas fait pour le royaume de Dieu&rsquo;.\u00a0\u00bb (Lc 9, 62) &gt;Nous connaissons tous l&rsquo;adage populaire \u00ab\u00a0il ne faut pas mettre la charrue avant les b\u0153ufs\u00a0\u00bb. Expression souvent employ\u00e9e pour calmer les ardeurs de quelqu&rsquo;un qui se pr\u00e9cipite un peu trop. Mais cet adage est vou\u00e9 \u00e0 dispara\u00eetre, il suffit de se balader dans une zone rurale pour voir que maintenant nos chers paysans ont une charrue \u00e0 l&rsquo;arri\u00e8re et une \u00e0 l&rsquo;avant ! J\u00e9sus nous donne dans son \u00e9vangile une solution, peut \u00eatre la solution pour vivre ! Ne pas s&rsquo;arr\u00eater sur le chemin \u2026 <a class=\"continue-reading-link\" href=\"https:\/\/levangilealecran.com\/?p=1092\"> Continue reading <span class=\"meta-nav\">&rarr; <\/span><\/a><\/p>\n","protected":false},"author":1,"featured_media":0,"comment_status":"open","ping_status":"open","sticky":false,"template":"","format":"standard","meta":{"footnotes":""},"categories":[4,6],"tags":[527,101,431,507,279],"class_list":["post-1092","post","type-post","status-publish","format-standard","hentry","category-dimanche","category-luc","tag-charrue","tag-chemin","tag-luc","tag-obstacles","tag-vocation"],"_links":{"self":[{"href":"https:\/\/levangilealecran.com\/index.php?rest_route=\/wp\/v2\/posts\/1092","targetHints":{"allow":["GET"]}}],"collection":[{"href":"https:\/\/levangilealecran.com\/index.php?rest_route=\/wp\/v2\/posts"}],"about":[{"href":"https:\/\/levangilealecran.com\/index.php?rest_route=\/wp\/v2\/types\/post"}],"author":[{"embeddable":true,"href":"https:\/\/levangilealecran.com\/index.php?rest_route=\/wp\/v2\/users\/1"}],"replies":[{"embeddable":true,"href":"https:\/\/levangilealecran.com\/index.php?rest_route=%2Fwp%2Fv2%2Fcomments&post=1092"}],"version-history":[{"count":1,"href":"https:\/\/levangilealecran.com\/index.php?rest_route=\/wp\/v2\/posts\/1092\/revisions"}],"predecessor-version":[{"id":1093,"href":"https:\/\/levangilealecran.com\/index.php?rest_route=\/wp\/v2\/posts\/1092\/revisions\/1093"}],"wp:attachment":[{"href":"https:\/\/levangilealecran.com\/index.php?rest_route=%2Fwp%2Fv2%2Fmedia&parent=1092"}],"wp:term":[{"taxonomy":"category","embeddable":true,"href":"https:\/\/levangilealecran.com\/index.php?rest_route=%2Fwp%2Fv2%2Fcategories&post=1092"},{"taxonomy":"post_tag","embeddable":true,"href":"https:\/\/levangilealecran.com\/index.php?rest_route=%2Fwp%2Fv2%2Ftags&post=1092"}],"curies":[{"name":"wp","href":"https:\/\/api.w.org\/{rel}","templated":true}]}}