{"id":1082,"date":"2016-05-27T16:01:53","date_gmt":"2016-05-27T14:01:53","guid":{"rendered":"http:\/\/levangilealecran.com?p=1082"},"modified":"2016-05-27T16:01:53","modified_gmt":"2016-05-27T14:01:53","slug":"saint-sacrement-fete-dieu-c","status":"publish","type":"post","link":"https:\/\/levangilealecran.com\/?p=1082","title":{"rendered":"Saint Sacrement (F\u00eate Dieu) &#8211; C"},"content":{"rendered":"<p style=\"text-align: justify;\">\u00ab J\u00e9sus leur dit : \u00ab Donnez-leur vous-m\u00eames \u00e0 manger. \u00bb Ils r\u00e9pondirent : \u00ab Nous n\u2019avons pas plus de cinq pains et deux poissons. \u00c0 moins peut-\u00eatre d\u2019aller nous-m\u00eames acheter de la nourriture pour tout ce peuple. \u00bb (Luc 9, 13)<\/p>\n<p style=\"text-align: justify;\"><strong>&gt; Devant la situation de faim du monde, J\u00e9sus invite ses disciples \u00e0 nourrir les foules, non par lui, mais par eux-m\u00eames. Mais les disciples pensent ne pas avoir assez \u00e0 offrir. Il faudrait m\u00eame aller encore acheter de la nourriture \u00ab pour tout ce peuple \u00bb, entendez pour le peuple de Dieu !<\/strong><\/p>\n<p style=\"text-align: justify;\"><strong>Devant la faim spirituelle du monde, le Christ nous envoie. Mais nous ne pensons ne pas avoir assez \u00e0 offrir. Comment ne pas se reconna\u00eetre dans la figure des disciples ? Qui n\u2019a jamais pens\u00e9 que ce qu\u2019il avait \u00e0 offrir ne suffisait pas, que ce n\u2019\u00e9tait pas assez bien (en qualit\u00e9) ou en trop faible quantit\u00e9? Et pourtant, J\u00e9sus nous le redit par sa demande : chacun \u00e0 quelque chose de pr\u00e9cieux \u00e0 offrir pour nourrir le peuple de Dieu ! Pas besoin d\u2019aller encore chercher ailleurs, dans un supermarch\u00e9 de nourriture spirituelle par exemple, seule la confiance en cette demande de J\u00e9sus suffit.<\/strong><\/p>\n<p style=\"text-align: justify;\"><strong>Alors cette semaine, suivons cette invitation de J\u00e9sus \u00e0 notre\u00a0\u00e9gard et \u00ab donnons\u00a0nous-m\u00eames \u00e0 manger \u00bb ! Ce que nous\u00a0avons \u00e0 offrir est pr\u00e9cieux, alors allons-y\u00a0! Par une action concr\u00e8te de notre\u00a0part (pri\u00e8re, visite, lecture commune de la Parole, signe \u00e0 faire pour quelqu\u2019un qui en a besoin, etc.), allons\u00a0et nourrissons une personne. Nous\u00a0sommes sel de la terre, nous\u00a0sommes lumi\u00e8re du monde, nous\u00a0avons tout ce qu\u2019il faut pour nourrir notre\u00a0prochain. Allons, car Dieu n\u2019a pas d\u2019autres mains que les n\u00f4tres, pour nourrir son peuple.<\/strong><\/p>\n","protected":false},"excerpt":{"rendered":"<p>\u00ab J\u00e9sus leur dit : \u00ab Donnez-leur vous-m\u00eames \u00e0 manger. \u00bb Ils r\u00e9pondirent : \u00ab Nous n\u2019avons pas plus de cinq pains et deux poissons. \u00c0 moins peut-\u00eatre d\u2019aller nous-m\u00eames acheter de la nourriture pour tout ce peuple. \u00bb (Luc 9, 13) &gt; Devant la situation de faim du monde, J\u00e9sus invite ses disciples \u00e0 nourrir les foules, non par lui, mais par eux-m\u00eames. Mais les disciples pensent ne pas avoir assez \u00e0 offrir. Il faudrait m\u00eame aller encore acheter de la nourriture \u00ab pour tout ce peuple \u00bb, entendez pour le peuple de Dieu ! Devant la faim spirituelle du monde, le Christ nous envoie. Mais nous ne pensons \u2026 <a class=\"continue-reading-link\" href=\"https:\/\/levangilealecran.com\/?p=1082\"> Continue reading <span class=\"meta-nav\">&rarr; <\/span><\/a><\/p>\n","protected":false},"author":1,"featured_media":0,"comment_status":"open","ping_status":"open","sticky":false,"template":"","format":"standard","meta":{"footnotes":""},"categories":[4,6],"tags":[521,249,92,431,520],"class_list":["post-1082","post","type-post","status-publish","format-standard","hentry","category-dimanche","category-luc","tag-action","tag-cadeau","tag-don","tag-luc","tag-nourriture"],"_links":{"self":[{"href":"https:\/\/levangilealecran.com\/index.php?rest_route=\/wp\/v2\/posts\/1082","targetHints":{"allow":["GET"]}}],"collection":[{"href":"https:\/\/levangilealecran.com\/index.php?rest_route=\/wp\/v2\/posts"}],"about":[{"href":"https:\/\/levangilealecran.com\/index.php?rest_route=\/wp\/v2\/types\/post"}],"author":[{"embeddable":true,"href":"https:\/\/levangilealecran.com\/index.php?rest_route=\/wp\/v2\/users\/1"}],"replies":[{"embeddable":true,"href":"https:\/\/levangilealecran.com\/index.php?rest_route=%2Fwp%2Fv2%2Fcomments&post=1082"}],"version-history":[{"count":1,"href":"https:\/\/levangilealecran.com\/index.php?rest_route=\/wp\/v2\/posts\/1082\/revisions"}],"predecessor-version":[{"id":1083,"href":"https:\/\/levangilealecran.com\/index.php?rest_route=\/wp\/v2\/posts\/1082\/revisions\/1083"}],"wp:attachment":[{"href":"https:\/\/levangilealecran.com\/index.php?rest_route=%2Fwp%2Fv2%2Fmedia&parent=1082"}],"wp:term":[{"taxonomy":"category","embeddable":true,"href":"https:\/\/levangilealecran.com\/index.php?rest_route=%2Fwp%2Fv2%2Fcategories&post=1082"},{"taxonomy":"post_tag","embeddable":true,"href":"https:\/\/levangilealecran.com\/index.php?rest_route=%2Fwp%2Fv2%2Ftags&post=1082"}],"curies":[{"name":"wp","href":"https:\/\/api.w.org\/{rel}","templated":true}]}}