{"id":1073,"date":"2016-05-07T07:09:35","date_gmt":"2016-05-07T05:09:35","guid":{"rendered":"http:\/\/levangilealecran.com?p=1073"},"modified":"2016-05-07T07:09:35","modified_gmt":"2016-05-07T05:09:35","slug":"7e-dimanche-de-paques-c-2","status":"publish","type":"post","link":"https:\/\/levangilealecran.com\/?p=1073","title":{"rendered":"7e dimanche de P\u00e2ques &#8211; C"},"content":{"rendered":"<p style=\"text-align: justify;\">\u00ab\u00a0P\u00e8re Saint, je ne prie pas seulement pour ceux qui sont l\u00e0, mais encore pour ceux qui, gr\u00e2ce \u00e0 leur parole, croiront en moi.\u00a0\u00bb (Jn 17,20)<\/p>\n<p style=\"text-align: justify;\"><strong>&gt; Seigneur, aujourd&rsquo;hui Tu pries pour nous, ceux qui croient en toi. Mais d\u00e9j\u00e0 tu ouvres tes portes et ton c\u0153ur \u00e0 la multitude. Ta parole et ton message ont \u00e9t\u00e9 entendus par tous ceux qui te suivaient mais \u00e9galement par de nombreux badauds de bord de routes ou de champs.<\/strong><\/p>\n<p style=\"text-align: justify;\"><strong>&gt; Permets nous, Seigneur, d&rsquo;avoir cette semaine une parole mais aussi un comportement qui donnent aux autres la possibilit\u00e9 de se questionner, de se demander ce qui nous rend si joyeux !<\/strong><\/p>\n","protected":false},"excerpt":{"rendered":"<p>\u00ab\u00a0P\u00e8re Saint, je ne prie pas seulement pour ceux qui sont l\u00e0, mais encore pour ceux qui, gr\u00e2ce \u00e0 leur parole, croiront en moi.\u00a0\u00bb (Jn 17,20) &gt; Seigneur, aujourd&rsquo;hui Tu pries pour nous, ceux qui croient en toi. Mais d\u00e9j\u00e0 tu ouvres tes portes et ton c\u0153ur \u00e0 la multitude. Ta parole et ton message ont \u00e9t\u00e9 entendus par tous ceux qui te suivaient mais \u00e9galement par de nombreux badauds de bord de routes ou de champs. &gt; Permets nous, Seigneur, d&rsquo;avoir cette semaine une parole mais aussi un comportement qui donnent aux autres la possibilit\u00e9 de se questionner, de se demander ce qui nous rend si joyeux !<\/p>\n","protected":false},"author":1,"featured_media":0,"comment_status":"open","ping_status":"open","sticky":false,"template":"","format":"standard","meta":{"footnotes":""},"categories":[4,5,74],"tags":[430,75,39,238],"class_list":["post-1073","post","type-post","status-publish","format-standard","hentry","category-dimanche","category-jean","category-temps-pascal","tag-jean","tag-joie","tag-parole","tag-temoignage"],"_links":{"self":[{"href":"https:\/\/levangilealecran.com\/index.php?rest_route=\/wp\/v2\/posts\/1073","targetHints":{"allow":["GET"]}}],"collection":[{"href":"https:\/\/levangilealecran.com\/index.php?rest_route=\/wp\/v2\/posts"}],"about":[{"href":"https:\/\/levangilealecran.com\/index.php?rest_route=\/wp\/v2\/types\/post"}],"author":[{"embeddable":true,"href":"https:\/\/levangilealecran.com\/index.php?rest_route=\/wp\/v2\/users\/1"}],"replies":[{"embeddable":true,"href":"https:\/\/levangilealecran.com\/index.php?rest_route=%2Fwp%2Fv2%2Fcomments&post=1073"}],"version-history":[{"count":1,"href":"https:\/\/levangilealecran.com\/index.php?rest_route=\/wp\/v2\/posts\/1073\/revisions"}],"predecessor-version":[{"id":1074,"href":"https:\/\/levangilealecran.com\/index.php?rest_route=\/wp\/v2\/posts\/1073\/revisions\/1074"}],"wp:attachment":[{"href":"https:\/\/levangilealecran.com\/index.php?rest_route=%2Fwp%2Fv2%2Fmedia&parent=1073"}],"wp:term":[{"taxonomy":"category","embeddable":true,"href":"https:\/\/levangilealecran.com\/index.php?rest_route=%2Fwp%2Fv2%2Fcategories&post=1073"},{"taxonomy":"post_tag","embeddable":true,"href":"https:\/\/levangilealecran.com\/index.php?rest_route=%2Fwp%2Fv2%2Ftags&post=1073"}],"curies":[{"name":"wp","href":"https:\/\/api.w.org\/{rel}","templated":true}]}}