{"id":1062,"date":"2016-04-08T15:39:29","date_gmt":"2016-04-08T13:39:29","guid":{"rendered":"http:\/\/levangilealecran.com?p=1062"},"modified":"2016-04-08T15:39:29","modified_gmt":"2016-04-08T13:39:29","slug":"3e-dimanche-de-paques-c","status":"publish","type":"post","link":"https:\/\/levangilealecran.com\/?p=1062","title":{"rendered":"3e dimanche de P\u00e2ques &#8211; C"},"content":{"rendered":"<p style=\"text-align: justify;\">\u00ab\u00a0Au lever du jour, J\u00e9sus se tenait sur le rivage, mais les disciples ne savaient pas que c&rsquo;\u00e9tait lui.\u00a0\u00bb (Jean 21,4)<\/p>\n<p style=\"text-align: justify;\">&gt; J\u00e9sus se tient sur le rivage de nos vies. Il nous rejoint par des apparences pas toujours simples \u00e0 d\u00e9coder. Mais c&rsquo;est bien lui.<\/p>\n<p style=\"text-align: justify;\">Nous sommes invit\u00e9s, cette semaine, \u00e0 \u00eatre attentifs \u00e0 la pr\u00e9sence de J\u00e9sus dans nos journ\u00e9es. Derri\u00e8re tel visage, tel \u00e9v\u00e9nement, tel signe&#8230; c&rsquo;est lui, encore et toujours. Et il vient nous\u00a0ressusciter, faire du neuf dans nos\u00a0vies.<\/p>\n","protected":false},"excerpt":{"rendered":"<p>\u00ab\u00a0Au lever du jour, J\u00e9sus se tenait sur le rivage, mais les disciples ne savaient pas que c&rsquo;\u00e9tait lui.\u00a0\u00bb (Jean 21,4) &gt; J\u00e9sus se tient sur le rivage de nos vies. Il nous rejoint par des apparences pas toujours simples \u00e0 d\u00e9coder. Mais c&rsquo;est bien lui. Nous sommes invit\u00e9s, cette semaine, \u00e0 \u00eatre attentifs \u00e0 la pr\u00e9sence de J\u00e9sus dans nos journ\u00e9es. Derri\u00e8re tel visage, tel \u00e9v\u00e9nement, tel signe&#8230; c&rsquo;est lui, encore et toujours. Et il vient nous\u00a0ressusciter, faire du neuf dans nos\u00a0vies.<\/p>\n","protected":false},"author":1,"featured_media":0,"comment_status":"open","ping_status":"open","sticky":false,"template":"","format":"standard","meta":{"footnotes":""},"categories":[4,5,74],"tags":[515,430,94,514],"class_list":["post-1062","post","type-post","status-publish","format-standard","hentry","category-dimanche","category-jean","category-temps-pascal","tag-apparences","tag-jean","tag-presence","tag-ressuscite"],"_links":{"self":[{"href":"https:\/\/levangilealecran.com\/index.php?rest_route=\/wp\/v2\/posts\/1062","targetHints":{"allow":["GET"]}}],"collection":[{"href":"https:\/\/levangilealecran.com\/index.php?rest_route=\/wp\/v2\/posts"}],"about":[{"href":"https:\/\/levangilealecran.com\/index.php?rest_route=\/wp\/v2\/types\/post"}],"author":[{"embeddable":true,"href":"https:\/\/levangilealecran.com\/index.php?rest_route=\/wp\/v2\/users\/1"}],"replies":[{"embeddable":true,"href":"https:\/\/levangilealecran.com\/index.php?rest_route=%2Fwp%2Fv2%2Fcomments&post=1062"}],"version-history":[{"count":1,"href":"https:\/\/levangilealecran.com\/index.php?rest_route=\/wp\/v2\/posts\/1062\/revisions"}],"predecessor-version":[{"id":1063,"href":"https:\/\/levangilealecran.com\/index.php?rest_route=\/wp\/v2\/posts\/1062\/revisions\/1063"}],"wp:attachment":[{"href":"https:\/\/levangilealecran.com\/index.php?rest_route=%2Fwp%2Fv2%2Fmedia&parent=1062"}],"wp:term":[{"taxonomy":"category","embeddable":true,"href":"https:\/\/levangilealecran.com\/index.php?rest_route=%2Fwp%2Fv2%2Fcategories&post=1062"},{"taxonomy":"post_tag","embeddable":true,"href":"https:\/\/levangilealecran.com\/index.php?rest_route=%2Fwp%2Fv2%2Ftags&post=1062"}],"curies":[{"name":"wp","href":"https:\/\/api.w.org\/{rel}","templated":true}]}}