{"id":1054,"date":"2016-03-27T12:50:01","date_gmt":"2016-03-27T10:50:01","guid":{"rendered":"http:\/\/levangilealecran.com?p=1054"},"modified":"2016-03-27T12:52:16","modified_gmt":"2016-03-27T10:52:16","slug":"paques-2016","status":"publish","type":"post","link":"https:\/\/levangilealecran.com\/?p=1054","title":{"rendered":"P\u00e2ques 2016"},"content":{"rendered":"<div id=\"x_AppleMailSignature\" style=\"text-align: justify;\"><\/div>\n<div style=\"text-align: justify;\"><\/div>\n<div style=\"text-align: justify;\">\u00a0\u00ab Simon-Pierre, qui le suivait, arrive \u00e0 son tour. Il entre dans le tombeau ; il aper\u00e7oit les linges, pos\u00e9s \u00e0 plat, ainsi que le suaire qui avait entour\u00e9 la t\u00eate de J\u00e9sus, non pas pos\u00e9 avec les linges, mais roul\u00e9 \u00e0 part \u00e0 sa place. \u00bb &#8211; Jn 20, 6-7<\/p>\n<p><strong>&gt; Apr\u00e8s sa mort sur la croix, Joseph d\u2019Arimath\u00e9e et Nicod\u00e8me envelopp\u00e8rent le corps de J\u00e9sus avec des bandes de tissu et le parfum\u00e8rent selon la coutume juive. Puis ils le d\u00e9pos\u00e8rent au s\u00e9pulcre. Ce n\u2019est pas sans rappeler l\u2019emmaillotage de J\u00e9sus par Marie apr\u00e8s sa naissance, juste avant de le d\u00e9poser dans la mangeoire. <\/strong><\/p>\n<p><strong>No\u00ebl se comprend \u00e0 la lumi\u00e8re de P\u00e2ques. Tout le myst\u00e8re de la vie est exprim\u00e9 ici : naissance, vie, mort. Dieu, en s\u2019incarnant en J\u00e9sus, en a aussi fait l\u2019exp\u00e9rience. Mais comme Il est Dieu, il n\u2019a pas simplement v\u00e9cu la mort comme tout un chacun. Il l\u2019a d\u00e9pass\u00e9e en naissant \u00e0 la Vie \u00e9ternelle pour que nous puissions y avoir part aussi. <\/strong><\/p>\n<p><strong>Toute naissance est passage. Le f\u0153tus passe du ventre de sa m\u00e8re au monde ext\u00e9rieur et doit s\u2019y adapter, parfois non sans difficult\u00e9s. \u00ab P\u00e2que \u00bb signifie \u00ab passage \u00bb en h\u00e9breu. Passage de l\u2019esclavage \u00e0 la libert\u00e9, de la mort \u00e0 la Vie. En J\u00e9sus Christ, premier n\u00e9 d\u2019entre les morts, Dieu pousse d\u00e9j\u00e0 ici bas les personnes \u00e0 na\u00eetre \u00e0 une vie renouvel\u00e9e, porteuse de sens et de paix, dans la foi et tourn\u00e9e vers l\u2019esp\u00e9rance. Il dit l\u2019Amour inconditionnel qui se trouve \u00e0 l\u2019origine de chacune et de chacun d\u2019entre nous, quelles que soient les circonstances de sa venue au monde. <\/strong><\/p>\n<p><strong>En ces temps fortement troubl\u00e9s, que la promesse de P\u00e2ques fasse de nous des sages-femmes (et des hommes sages-femmes !&#8230;) pour assister Dieu dans son immense t\u00e2che de mise au monde ! Joyeuses P\u00e2ques !<\/strong><\/div>\n","protected":false},"excerpt":{"rendered":"<p>\u00a0\u00ab Simon-Pierre, qui le suivait, arrive \u00e0 son tour. Il entre dans le tombeau ; il aper\u00e7oit les linges, pos\u00e9s \u00e0 plat, ainsi que le suaire qui avait entour\u00e9 la t\u00eate de J\u00e9sus, non pas pos\u00e9 avec les linges, mais roul\u00e9 \u00e0 part \u00e0 sa place. \u00bb &#8211; Jn 20, 6-7 &gt; Apr\u00e8s sa mort sur la croix, Joseph d\u2019Arimath\u00e9e et Nicod\u00e8me envelopp\u00e8rent le corps de J\u00e9sus avec des bandes de tissu et le parfum\u00e8rent selon la coutume juive. Puis ils le d\u00e9pos\u00e8rent au s\u00e9pulcre. Ce n\u2019est pas sans rappeler l\u2019emmaillotage de J\u00e9sus par Marie apr\u00e8s sa naissance, juste avant de le d\u00e9poser dans la mangeoire. No\u00ebl se comprend \u00e0 \u2026 <a class=\"continue-reading-link\" href=\"https:\/\/levangilealecran.com\/?p=1054\"> Continue reading <span class=\"meta-nav\">&rarr; <\/span><\/a><\/p>\n","protected":false},"author":1,"featured_media":0,"comment_status":"open","ping_status":"open","sticky":false,"template":"","format":"standard","meta":{"footnotes":""},"categories":[4,24,5,73],"tags":[512,200,434,511],"class_list":["post-1054","post","type-post","status-publish","format-standard","hentry","category-dimanche","category-fetes","category-jean","category-paques","tag-mise-au-monde","tag-naissance","tag-paques","tag-passage"],"_links":{"self":[{"href":"https:\/\/levangilealecran.com\/index.php?rest_route=\/wp\/v2\/posts\/1054","targetHints":{"allow":["GET"]}}],"collection":[{"href":"https:\/\/levangilealecran.com\/index.php?rest_route=\/wp\/v2\/posts"}],"about":[{"href":"https:\/\/levangilealecran.com\/index.php?rest_route=\/wp\/v2\/types\/post"}],"author":[{"embeddable":true,"href":"https:\/\/levangilealecran.com\/index.php?rest_route=\/wp\/v2\/users\/1"}],"replies":[{"embeddable":true,"href":"https:\/\/levangilealecran.com\/index.php?rest_route=%2Fwp%2Fv2%2Fcomments&post=1054"}],"version-history":[{"count":4,"href":"https:\/\/levangilealecran.com\/index.php?rest_route=\/wp\/v2\/posts\/1054\/revisions"}],"predecessor-version":[{"id":1058,"href":"https:\/\/levangilealecran.com\/index.php?rest_route=\/wp\/v2\/posts\/1054\/revisions\/1058"}],"wp:attachment":[{"href":"https:\/\/levangilealecran.com\/index.php?rest_route=%2Fwp%2Fv2%2Fmedia&parent=1054"}],"wp:term":[{"taxonomy":"category","embeddable":true,"href":"https:\/\/levangilealecran.com\/index.php?rest_route=%2Fwp%2Fv2%2Fcategories&post=1054"},{"taxonomy":"post_tag","embeddable":true,"href":"https:\/\/levangilealecran.com\/index.php?rest_route=%2Fwp%2Fv2%2Ftags&post=1054"}],"curies":[{"name":"wp","href":"https:\/\/api.w.org\/{rel}","templated":true}]}}