{"id":1052,"date":"2016-03-26T11:02:15","date_gmt":"2016-03-26T10:02:15","guid":{"rendered":"http:\/\/levangilealecran.com?p=1052"},"modified":"2016-03-26T11:02:15","modified_gmt":"2016-03-26T10:02:15","slug":"samedi-saint-2016","status":"publish","type":"post","link":"https:\/\/levangilealecran.com\/?p=1052","title":{"rendered":"Samedi Saint &#8211; 2016"},"content":{"rendered":"<p style=\"text-align: justify;\">\u00ab Et, le premier jour de la semaine, de grand matin, elles vinrent \u00e0 la tombe en portant les aromates qu\u2019elles avaient pr\u00e9par\u00e9s. Elles trouv\u00e8rent la pierre roul\u00e9e de devant le tombeau. Etant entr\u00e9es, elles ne trouv\u00e8rent pas le corps du Seigneur J\u00e9sus.\u00bb (Luc 24,1-3 TOB)<\/p>\n<p style=\"text-align: justify;\"><strong>&gt; Les femmes d\u00e9couvrent que la pierre a \u00e9t\u00e9 roul\u00e9e, et que le tombeau est vide. En ce samedi saint, nous aussi chr\u00e9tiens nous nous confrontons au vide, \u00e0 l\u2019absence, au manque. Avant d\u2019arriver \u00e0 P\u00e2ques, les femmes, les disciples et nous aussi aujourd\u2019hui, devons passer par le tombeau vide. La terrible d\u00e9chirure de Vendredi Saint a fait place au vide. Vertige du n\u00e9ant, peur du vide, angoisse devant le manque. Que va-t-il advenir ?<\/strong><\/p>\n<p style=\"text-align: justify;\"><strong>Malgr\u00e9 nos peurs, nous ne pouvons pas faire l\u2019\u00e9conomie de l\u2019exp\u00e9rience du vide et du manque. Car le vide, le manque, c\u2019est en quelque sorte l\u2019essentielle case vide dans le jeu de nos existences, comme dans ce jeu carr\u00e9 o\u00f9 l\u2019on doit d\u00e9placer les pi\u00e8ces pour les remettre dans l\u2019ordre. Sans le vide, sans la pi\u00e8ce qui manque, impossible de bouger, impossible de changer, impossible de re-susciter la vie, impossible de ressusciter. Nous avons donc besoin du vide, du manque, pour, d\u2019une part, \u00e9voluer, grandir parfois, et d\u2019autre part, pour y d\u00e9couvrir les b\u00e9n\u00e9dictions que Dieu nous donne.<\/strong><\/p>\n<p style=\"text-align: justify;\"><strong>En ce jour \u00ab blanc \u00bb, de vide, de manque, nous nous\u00a0proposons donc de m\u00e9diter les manques et les vides personnels, relationnels, communautaires, eccl\u00e9siaux, etc. dans notre\u00a0vie. R\u00e9servons une plage de notre\u00a0journ\u00e9e pour y vivre un temps vide, et voyons ce que Dieu nous\u00a0y donne. Ou pas. R\u00e9apprenons que dans le \u00ab vide \u00bb, il y a, en germe, la \u00ab vie \u00bb. Oser vivre le \u00ab d \u00bb avant de l\u2019\u00f4ter, c\u2019est la piste que nous nous\u00a0proposons en ce samedi saint. Oser la confiance devant le vide, avec la foi que la Vie sera vainqueur de la Mort.<\/strong><\/p>\n","protected":false},"excerpt":{"rendered":"<p>\u00ab Et, le premier jour de la semaine, de grand matin, elles vinrent \u00e0 la tombe en portant les aromates qu\u2019elles avaient pr\u00e9par\u00e9s. Elles trouv\u00e8rent la pierre roul\u00e9e de devant le tombeau. Etant entr\u00e9es, elles ne trouv\u00e8rent pas le corps du Seigneur J\u00e9sus.\u00bb (Luc 24,1-3 TOB) &gt; Les femmes d\u00e9couvrent que la pierre a \u00e9t\u00e9 roul\u00e9e, et que le tombeau est vide. En ce samedi saint, nous aussi chr\u00e9tiens nous nous confrontons au vide, \u00e0 l\u2019absence, au manque. Avant d\u2019arriver \u00e0 P\u00e2ques, les femmes, les disciples et nous aussi aujourd\u2019hui, devons passer par le tombeau vide. La terrible d\u00e9chirure de Vendredi Saint a fait place au vide. Vertige du n\u00e9ant, \u2026 <a class=\"continue-reading-link\" href=\"https:\/\/levangilealecran.com\/?p=1052\"> Continue reading <span class=\"meta-nav\">&rarr; <\/span><\/a><\/p>\n","protected":false},"author":1,"featured_media":0,"comment_status":"open","ping_status":"open","sticky":false,"template":"","format":"standard","meta":{"footnotes":""},"categories":[44,254],"tags":[431,160,256,510,259],"class_list":["post-1052","post","type-post","status-publish","format-standard","hentry","category-careme","category-semaine-sainte","tag-luc","tag-meditation","tag-semaine-sainte-2","tag-tombeau","tag-vide"],"_links":{"self":[{"href":"https:\/\/levangilealecran.com\/index.php?rest_route=\/wp\/v2\/posts\/1052","targetHints":{"allow":["GET"]}}],"collection":[{"href":"https:\/\/levangilealecran.com\/index.php?rest_route=\/wp\/v2\/posts"}],"about":[{"href":"https:\/\/levangilealecran.com\/index.php?rest_route=\/wp\/v2\/types\/post"}],"author":[{"embeddable":true,"href":"https:\/\/levangilealecran.com\/index.php?rest_route=\/wp\/v2\/users\/1"}],"replies":[{"embeddable":true,"href":"https:\/\/levangilealecran.com\/index.php?rest_route=%2Fwp%2Fv2%2Fcomments&post=1052"}],"version-history":[{"count":1,"href":"https:\/\/levangilealecran.com\/index.php?rest_route=\/wp\/v2\/posts\/1052\/revisions"}],"predecessor-version":[{"id":1053,"href":"https:\/\/levangilealecran.com\/index.php?rest_route=\/wp\/v2\/posts\/1052\/revisions\/1053"}],"wp:attachment":[{"href":"https:\/\/levangilealecran.com\/index.php?rest_route=%2Fwp%2Fv2%2Fmedia&parent=1052"}],"wp:term":[{"taxonomy":"category","embeddable":true,"href":"https:\/\/levangilealecran.com\/index.php?rest_route=%2Fwp%2Fv2%2Fcategories&post=1052"},{"taxonomy":"post_tag","embeddable":true,"href":"https:\/\/levangilealecran.com\/index.php?rest_route=%2Fwp%2Fv2%2Ftags&post=1052"}],"curies":[{"name":"wp","href":"https:\/\/api.w.org\/{rel}","templated":true}]}}