{"id":1048,"date":"2016-03-24T08:13:34","date_gmt":"2016-03-24T07:13:34","guid":{"rendered":"http:\/\/levangilealecran.com?p=1048"},"modified":"2016-03-24T08:13:34","modified_gmt":"2016-03-24T07:13:34","slug":"jeudi-saint-2016","status":"publish","type":"post","link":"https:\/\/levangilealecran.com\/?p=1048","title":{"rendered":"Jeudi Saint &#8211; 2016"},"content":{"rendered":"<p style=\"text-align: justify;\">\u00ab Si je ne te lave pas, tu n\u2019auras pas de part avec moi. \u00bb Jean 13,8<\/p>\n<p style=\"text-align: justify;\"><strong>&gt; Quel myst\u00e8re dans cette phrase de J\u00e9sus \u00e0 Pierre qui refuse qu\u2019il lui lave les pieds. Comment le comprendre ? Il y a bien s\u00fbr ce lavement des pieds qui fait peau neuve, qui d\u00e9barrasse du p\u00e9ch\u00e9, qui pr\u00e9pare \u00e0 accueillir les \u00e9v\u00e9nements des jours qui viennent. Ce lavement des pieds repr\u00e9sente le pardon.<\/strong><\/p>\n<p style=\"text-align: justify;\"><strong>Mais il y a aussi J\u00e9sus qui force Pierre \u00e0 se laisser laver les pieds par lui-m\u00eame, son Seigneur. Pierre ne veut pas que J\u00e9sus lui lave les pieds, \u00ab jamais \u00bb dit-il. Et pourtant J\u00e9sus lui r\u00e9pond que c\u2019est n\u00e9cessaire, essentiel, c\u2019est \u00e0 travers cela que Pierre a part au Royaume.<\/strong><\/p>\n<p style=\"text-align: justify;\"><strong>C\u2019est dans ce geste infini de serviteur que J\u00e9sus permet aux disciples d\u2019acc\u00e9der \u00e0 la vie \u00e9ternelle avec lui. Ses mots sont irr\u00e9vocables. Sans accepter ce lavement des pieds il n\u2019est pas possible d\u2019avoir part avec lui. Alors ce Dieu qui nous donne la vie \u00e9ternelle \u00e0 ses c\u00f4t\u00e9s c\u2019est celui-l\u00e0 m\u00eame qui vient s\u2019agenouiller \u00e0 nos pieds pour la rendre possible. Notre ma\u00eetre qui devient notre serviteur.<\/strong><\/p>\n<p style=\"text-align: justify;\"><strong>C\u2019est un peu le plus beau programme de notre vie de foi que cet abaissement ultime aupr\u00e8s de nos fr\u00e8res pour se hisser aux c\u00f4t\u00e9s de Dieu comme l\u2019a fait J\u00e9sus, fr\u00e8re au milieu de nous. Mis\u00e9ricorde infinie, qu\u2019elle soit notre chemin \u00e0 nous aussi. Que ce jeudi saint soit justement l\u2019occasion d\u2019en faire l\u2019exp\u00e9rience, de cet abaissement qui devient le seul passage possible vers Dieu.<\/strong><\/p>\n","protected":false},"excerpt":{"rendered":"<p>\u00ab Si je ne te lave pas, tu n\u2019auras pas de part avec moi. \u00bb Jean 13,8 &gt; Quel myst\u00e8re dans cette phrase de J\u00e9sus \u00e0 Pierre qui refuse qu\u2019il lui lave les pieds. Comment le comprendre ? Il y a bien s\u00fbr ce lavement des pieds qui fait peau neuve, qui d\u00e9barrasse du p\u00e9ch\u00e9, qui pr\u00e9pare \u00e0 accueillir les \u00e9v\u00e9nements des jours qui viennent. Ce lavement des pieds repr\u00e9sente le pardon. Mais il y a aussi J\u00e9sus qui force Pierre \u00e0 se laisser laver les pieds par lui-m\u00eame, son Seigneur. Pierre ne veut pas que J\u00e9sus lui lave les pieds, \u00ab jamais \u00bb dit-il. Et pourtant J\u00e9sus lui r\u00e9pond \u2026 <a class=\"continue-reading-link\" href=\"https:\/\/levangilealecran.com\/?p=1048\"> Continue reading <span class=\"meta-nav\">&rarr; <\/span><\/a><\/p>\n","protected":false},"author":1,"featured_media":0,"comment_status":"open","ping_status":"open","sticky":false,"template":"","format":"standard","meta":{"footnotes":""},"categories":[44,254],"tags":[430,260,509,63,256],"class_list":["post-1048","post","type-post","status-publish","format-standard","hentry","category-careme","category-semaine-sainte","tag-jean","tag-lavement-pieds","tag-misericorde","tag-passion","tag-semaine-sainte-2"],"_links":{"self":[{"href":"https:\/\/levangilealecran.com\/index.php?rest_route=\/wp\/v2\/posts\/1048","targetHints":{"allow":["GET"]}}],"collection":[{"href":"https:\/\/levangilealecran.com\/index.php?rest_route=\/wp\/v2\/posts"}],"about":[{"href":"https:\/\/levangilealecran.com\/index.php?rest_route=\/wp\/v2\/types\/post"}],"author":[{"embeddable":true,"href":"https:\/\/levangilealecran.com\/index.php?rest_route=\/wp\/v2\/users\/1"}],"replies":[{"embeddable":true,"href":"https:\/\/levangilealecran.com\/index.php?rest_route=%2Fwp%2Fv2%2Fcomments&post=1048"}],"version-history":[{"count":1,"href":"https:\/\/levangilealecran.com\/index.php?rest_route=\/wp\/v2\/posts\/1048\/revisions"}],"predecessor-version":[{"id":1049,"href":"https:\/\/levangilealecran.com\/index.php?rest_route=\/wp\/v2\/posts\/1048\/revisions\/1049"}],"wp:attachment":[{"href":"https:\/\/levangilealecran.com\/index.php?rest_route=%2Fwp%2Fv2%2Fmedia&parent=1048"}],"wp:term":[{"taxonomy":"category","embeddable":true,"href":"https:\/\/levangilealecran.com\/index.php?rest_route=%2Fwp%2Fv2%2Fcategories&post=1048"},{"taxonomy":"post_tag","embeddable":true,"href":"https:\/\/levangilealecran.com\/index.php?rest_route=%2Fwp%2Fv2%2Ftags&post=1048"}],"curies":[{"name":"wp","href":"https:\/\/api.w.org\/{rel}","templated":true}]}}