{"id":1046,"date":"2016-03-23T10:22:50","date_gmt":"2016-03-23T09:22:50","guid":{"rendered":"http:\/\/levangilealecran.com?p=1046"},"modified":"2016-03-23T10:22:50","modified_gmt":"2016-03-23T09:22:50","slug":"mercredi-saint-2016","status":"publish","type":"post","link":"https:\/\/levangilealecran.com\/?p=1046","title":{"rendered":"Mercredi Saint &#8211; 2016"},"content":{"rendered":"<p style=\"text-align: justify;\">Pendant qu\u2019ils mangeaient, J\u00e9sus dit : \u00ab En v\u00e9rit\u00e9, je vous le d\u00e9clare, l\u2019un de vous va me livrer. \u00bb Profond\u00e9ment attrist\u00e9s, les disciples se mirent chacun \u00e0 lui dire : \u00ab Serait-ce moi, Seigneur ? \u00bb (Mt 26, 21-22)<\/p>\n<p style=\"text-align: justify;\"><strong>&gt; Lors du dernier repas pris avec ses disciples, J\u00e9sus leur annonce que l\u2019un d\u2019entre eux va le livrer. La r\u00e9action des disciples est int\u00e9ressante, voir \u00e9tonnante. On pourrait penser qu\u2019ils se regarderaient les uns les autres pour d\u00e9tecter parmi leurs voisins le tra\u00eetre. Mais ce n\u2019est pas le cas. Ils n\u2019accusent pas l\u2019autre, mais chacun se pose la question de savoir si ce n\u2019est pas lui m\u00eame qui pourrait \u00eatre le traitre. \u00c9clair de lucidit\u00e9 sur la nature humaine, capable du plus grand bien, mais aussi du plus grand mal ? Modestie par rapport \u00e0 ses propres capacit\u00e9s ? Une attitude qui fait r\u00e9fl\u00e9chir\u2026<\/strong><\/p>\n<p style=\"text-align: justify;\"><strong>Nous nous proposons aujourd\u2019hui d\u2019avoir ce regard de lucidit\u00e9 sur nous-m\u00eames. Le but de cette d\u00e9marche n\u2019est pas d\u2019\u00eatre jugeant et moralisateur envers soi. Mais avant de porter des accusations ou des reproches envers autrui, prenons le temps de voir \u00e9galement notre implication et nos limites. Et laissons-nous toucher par la gr\u00e2ce de Dieu !<\/strong><\/p>\n","protected":false},"excerpt":{"rendered":"<p>Pendant qu\u2019ils mangeaient, J\u00e9sus dit : \u00ab En v\u00e9rit\u00e9, je vous le d\u00e9clare, l\u2019un de vous va me livrer. \u00bb Profond\u00e9ment attrist\u00e9s, les disciples se mirent chacun \u00e0 lui dire : \u00ab Serait-ce moi, Seigneur ? \u00bb (Mt 26, 21-22) &gt; Lors du dernier repas pris avec ses disciples, J\u00e9sus leur annonce que l\u2019un d\u2019entre eux va le livrer. La r\u00e9action des disciples est int\u00e9ressante, voir \u00e9tonnante. On pourrait penser qu\u2019ils se regarderaient les uns les autres pour d\u00e9tecter parmi leurs voisins le tra\u00eetre. Mais ce n\u2019est pas le cas. Ils n\u2019accusent pas l\u2019autre, mais chacun se pose la question de savoir si ce n\u2019est pas lui m\u00eame qui pourrait \u2026 <a class=\"continue-reading-link\" href=\"https:\/\/levangilealecran.com\/?p=1046\"> Continue reading <span class=\"meta-nav\">&rarr; <\/span><\/a><\/p>\n","protected":false},"author":1,"featured_media":0,"comment_status":"open","ping_status":"open","sticky":false,"template":"","format":"standard","meta":{"footnotes":""},"categories":[44,254],"tags":[508,433,209,256],"class_list":["post-1046","post","type-post","status-publish","format-standard","hentry","category-careme","category-semaine-sainte","tag-lucidite","tag-matthieu","tag-regard","tag-semaine-sainte-2"],"_links":{"self":[{"href":"https:\/\/levangilealecran.com\/index.php?rest_route=\/wp\/v2\/posts\/1046","targetHints":{"allow":["GET"]}}],"collection":[{"href":"https:\/\/levangilealecran.com\/index.php?rest_route=\/wp\/v2\/posts"}],"about":[{"href":"https:\/\/levangilealecran.com\/index.php?rest_route=\/wp\/v2\/types\/post"}],"author":[{"embeddable":true,"href":"https:\/\/levangilealecran.com\/index.php?rest_route=\/wp\/v2\/users\/1"}],"replies":[{"embeddable":true,"href":"https:\/\/levangilealecran.com\/index.php?rest_route=%2Fwp%2Fv2%2Fcomments&post=1046"}],"version-history":[{"count":1,"href":"https:\/\/levangilealecran.com\/index.php?rest_route=\/wp\/v2\/posts\/1046\/revisions"}],"predecessor-version":[{"id":1047,"href":"https:\/\/levangilealecran.com\/index.php?rest_route=\/wp\/v2\/posts\/1046\/revisions\/1047"}],"wp:attachment":[{"href":"https:\/\/levangilealecran.com\/index.php?rest_route=%2Fwp%2Fv2%2Fmedia&parent=1046"}],"wp:term":[{"taxonomy":"category","embeddable":true,"href":"https:\/\/levangilealecran.com\/index.php?rest_route=%2Fwp%2Fv2%2Fcategories&post=1046"},{"taxonomy":"post_tag","embeddable":true,"href":"https:\/\/levangilealecran.com\/index.php?rest_route=%2Fwp%2Fv2%2Ftags&post=1046"}],"curies":[{"name":"wp","href":"https:\/\/api.w.org\/{rel}","templated":true}]}}