{"id":1042,"date":"2016-03-21T08:48:29","date_gmt":"2016-03-21T07:48:29","guid":{"rendered":"http:\/\/levangilealecran.com?p=1042"},"modified":"2016-03-21T08:48:29","modified_gmt":"2016-03-21T07:48:29","slug":"lundi-saint-2016","status":"publish","type":"post","link":"https:\/\/levangilealecran.com\/?p=1042","title":{"rendered":"Lundi Saint &#8211; 2016"},"content":{"rendered":"<p style=\"text-align: justify;\">\u00ab Six jours avant la P\u00e2que, J\u00e9sus arriva \u00e0 B\u00e9thanie o\u00f9 se trouvait Lazare qu\u2019il avait relev\u00e9 d\u2019entre les morts. On y offrit un d\u00eener en son honneur : Marthe servait tandis que Lazare se trouvait parmi les convives. \u00bb (Jean 12,1-2 TOB)<\/p>\n<p style=\"text-align: justify;\"><strong>&gt; Au d\u00e9but du cycle de la Passion, la mention de la r\u00e9surrection de Lazare (du chapitre pr\u00e9c\u00e9dant) est le signe qui annonce la r\u00e9surrection du Christ \u00e0 venir, avec le deuxi\u00e8me verset qui, lui aussi, annonce le Royaume post-pascal avec la m\u00e9taphore du repas et de la f\u00eate.<\/strong><\/p>\n<p style=\"text-align: justify;\"><strong>En ce lundi au d\u00e9but de la semaine sainte, au d\u00e9but de ce cycle hebdomadaire, nous nous proposons de m\u00e9diter les signes annonciateurs de r\u00e9surrection autour de nous\u00a0: la vie plus forte que la mort est-elle d\u00e9j\u00e0 pr\u00e9sente dans notre\u00a0vie ? Comment ? Et si des signes de r\u00e9surrection se montrent, rendons gr\u00e2ce, par un temps de f\u00eate, de repas ou de partage ! Loin d\u2019\u00eatre une th\u00e9orie sur la r\u00e9surrection, le texte du jour invite d\u2019abord au don concret, \u00e0 la f\u00eate !<\/strong><\/p>\n","protected":false},"excerpt":{"rendered":"<p>\u00ab Six jours avant la P\u00e2que, J\u00e9sus arriva \u00e0 B\u00e9thanie o\u00f9 se trouvait Lazare qu\u2019il avait relev\u00e9 d\u2019entre les morts. On y offrit un d\u00eener en son honneur : Marthe servait tandis que Lazare se trouvait parmi les convives. \u00bb (Jean 12,1-2 TOB) &gt; Au d\u00e9but du cycle de la Passion, la mention de la r\u00e9surrection de Lazare (du chapitre pr\u00e9c\u00e9dant) est le signe qui annonce la r\u00e9surrection du Christ \u00e0 venir, avec le deuxi\u00e8me verset qui, lui aussi, annonce le Royaume post-pascal avec la m\u00e9taphore du repas et de la f\u00eate. En ce lundi au d\u00e9but de la semaine sainte, au d\u00e9but de ce cycle hebdomadaire, nous nous proposons \u2026 <a class=\"continue-reading-link\" href=\"https:\/\/levangilealecran.com\/?p=1042\"> Continue reading <span class=\"meta-nav\">&rarr; <\/span><\/a><\/p>\n","protected":false},"author":1,"featured_media":0,"comment_status":"open","ping_status":"open","sticky":false,"template":"","format":"standard","meta":{"footnotes":""},"categories":[44,254],"tags":[505,430,55,256,203],"class_list":["post-1042","post","type-post","status-publish","format-standard","hentry","category-careme","category-semaine-sainte","tag-action-de-grace","tag-jean","tag-resurrection","tag-semaine-sainte-2","tag-signes"],"_links":{"self":[{"href":"https:\/\/levangilealecran.com\/index.php?rest_route=\/wp\/v2\/posts\/1042","targetHints":{"allow":["GET"]}}],"collection":[{"href":"https:\/\/levangilealecran.com\/index.php?rest_route=\/wp\/v2\/posts"}],"about":[{"href":"https:\/\/levangilealecran.com\/index.php?rest_route=\/wp\/v2\/types\/post"}],"author":[{"embeddable":true,"href":"https:\/\/levangilealecran.com\/index.php?rest_route=\/wp\/v2\/users\/1"}],"replies":[{"embeddable":true,"href":"https:\/\/levangilealecran.com\/index.php?rest_route=%2Fwp%2Fv2%2Fcomments&post=1042"}],"version-history":[{"count":1,"href":"https:\/\/levangilealecran.com\/index.php?rest_route=\/wp\/v2\/posts\/1042\/revisions"}],"predecessor-version":[{"id":1043,"href":"https:\/\/levangilealecran.com\/index.php?rest_route=\/wp\/v2\/posts\/1042\/revisions\/1043"}],"wp:attachment":[{"href":"https:\/\/levangilealecran.com\/index.php?rest_route=%2Fwp%2Fv2%2Fmedia&parent=1042"}],"wp:term":[{"taxonomy":"category","embeddable":true,"href":"https:\/\/levangilealecran.com\/index.php?rest_route=%2Fwp%2Fv2%2Fcategories&post=1042"},{"taxonomy":"post_tag","embeddable":true,"href":"https:\/\/levangilealecran.com\/index.php?rest_route=%2Fwp%2Fv2%2Ftags&post=1042"}],"curies":[{"name":"wp","href":"https:\/\/api.w.org\/{rel}","templated":true}]}}