{"id":1029,"date":"2016-03-04T13:25:29","date_gmt":"2016-03-04T12:25:29","guid":{"rendered":"http:\/\/levangilealecran.com?p=1029"},"modified":"2016-03-05T06:42:03","modified_gmt":"2016-03-05T05:42:03","slug":"4e-dimanche-de-careme-c-2","status":"publish","type":"post","link":"https:\/\/levangilealecran.com\/?p=1029","title":{"rendered":"4e dimanche de Car\u00eame &#8211; C"},"content":{"rendered":"<p style=\"text-align: justify;\">\u00ab\u00a0Je vais aller vers mon p\u00e8re et je lui dirai: P\u00e8re, j&rsquo;ai p\u00e9ch\u00e9 envers le ciel et contre toi. Je ne m\u00e9rite plus d&rsquo;\u00eatre appel\u00e9 ton fils. Traite-moi comme un de tes ouvriers. Il alla vers son p\u00e8re. Comme il \u00e9tait encore loin, son p\u00e8re l&rsquo;aper\u00e7ut et fut pris de piti\u00e9: il courut se jeter \u00e0 son cou et le couvrit de baisers.\u00a0\u00bb (Lc 15, 18-20)<\/p>\n<p style=\"text-align: justify;\"><strong>&gt; Ce dimanche, nous lisons la parabole du fils prodigue. Ce qui m\u2019a marqu\u00e9 en parcourant ce r\u00e9cit, ce sont les mouvements du fils prodigue. Au d\u00e9part, tout est centr\u00e9 sur lui : l\u2019h\u00e9ritage qui doit LUI revenir, il voulait remplir SON ventre, l\u2019\u00e9vangile nous dit m\u00eame \u00e0 un moment donn\u00e9 qu\u2019il rentre en LUI-MEME pour r\u00e9fl\u00e9chir \u00e0 son avenir. C&rsquo;est au verset 18 que\u00a0le mouvement vers l\u2019autre est r\u00e9tabli, quand il d\u00e9cide de retourner vers son p\u00e8re, pour trouver chez lui de quoi se nourrir. Un mouvement vers l\u2019autre, certes, mais motiv\u00e9 par des int\u00e9r\u00eats bien personnels\u2026 Mais malgr\u00e9 les raisons de ce retour vers le p\u00e8re, celui-ci est remu\u00e9 au plus profond de lui quand il aper\u00e7oit son fils et il court vers lui pour r\u00e9tablir ce lien d\u2019amour. Belle image de notre Dieu, P\u00e8re, qui quelles que soient nos motivations \u00e0 nous tourner vers lui, est toujours pr\u00eat \u00e0 nous accueillir les bras grands ouverts.<\/strong><\/p>\n<p style=\"text-align: justify;\"><strong>Pour cette semaine, il nous est\u00a0propos\u00e9 de prendre chaque jour quelques minutes en silence, tourn\u00e9 vers le P\u00e8re, et de nous\u00a0laisser accueillir par lui, dans ses bras grands ouverts !<\/strong><\/p>\n","protected":false},"excerpt":{"rendered":"<p>\u00ab\u00a0Je vais aller vers mon p\u00e8re et je lui dirai: P\u00e8re, j&rsquo;ai p\u00e9ch\u00e9 envers le ciel et contre toi. Je ne m\u00e9rite plus d&rsquo;\u00eatre appel\u00e9 ton fils. Traite-moi comme un de tes ouvriers. Il alla vers son p\u00e8re. Comme il \u00e9tait encore loin, son p\u00e8re l&rsquo;aper\u00e7ut et fut pris de piti\u00e9: il courut se jeter \u00e0 son cou et le couvrit de baisers.\u00a0\u00bb (Lc 15, 18-20) &gt; Ce dimanche, nous lisons la parabole du fils prodigue. Ce qui m\u2019a marqu\u00e9 en parcourant ce r\u00e9cit, ce sont les mouvements du fils prodigue. Au d\u00e9part, tout est centr\u00e9 sur lui : l\u2019h\u00e9ritage qui doit LUI revenir, il voulait remplir SON ventre, l\u2019\u00e9vangile \u2026 <a class=\"continue-reading-link\" href=\"https:\/\/levangilealecran.com\/?p=1029\"> Continue reading <span class=\"meta-nav\">&rarr; <\/span><\/a><\/p>\n","protected":false},"author":1,"featured_media":0,"comment_status":"open","ping_status":"open","sticky":false,"template":"","format":"standard","meta":{"footnotes":""},"categories":[44,6,1],"tags":[340,503,431,199,272],"class_list":["post-1029","post","type-post","status-publish","format-standard","hentry","category-careme","category-luc","category-sanscategorie","tag-accueil","tag-decentrement","tag-luc","tag-pardon","tag-pere"],"_links":{"self":[{"href":"https:\/\/levangilealecran.com\/index.php?rest_route=\/wp\/v2\/posts\/1029","targetHints":{"allow":["GET"]}}],"collection":[{"href":"https:\/\/levangilealecran.com\/index.php?rest_route=\/wp\/v2\/posts"}],"about":[{"href":"https:\/\/levangilealecran.com\/index.php?rest_route=\/wp\/v2\/types\/post"}],"author":[{"embeddable":true,"href":"https:\/\/levangilealecran.com\/index.php?rest_route=\/wp\/v2\/users\/1"}],"replies":[{"embeddable":true,"href":"https:\/\/levangilealecran.com\/index.php?rest_route=%2Fwp%2Fv2%2Fcomments&post=1029"}],"version-history":[{"count":4,"href":"https:\/\/levangilealecran.com\/index.php?rest_route=\/wp\/v2\/posts\/1029\/revisions"}],"predecessor-version":[{"id":1033,"href":"https:\/\/levangilealecran.com\/index.php?rest_route=\/wp\/v2\/posts\/1029\/revisions\/1033"}],"wp:attachment":[{"href":"https:\/\/levangilealecran.com\/index.php?rest_route=%2Fwp%2Fv2%2Fmedia&parent=1029"}],"wp:term":[{"taxonomy":"category","embeddable":true,"href":"https:\/\/levangilealecran.com\/index.php?rest_route=%2Fwp%2Fv2%2Fcategories&post=1029"},{"taxonomy":"post_tag","embeddable":true,"href":"https:\/\/levangilealecran.com\/index.php?rest_route=%2Fwp%2Fv2%2Ftags&post=1029"}],"curies":[{"name":"wp","href":"https:\/\/api.w.org\/{rel}","templated":true}]}}