{"id":1021,"date":"2016-02-19T09:30:00","date_gmt":"2016-02-19T08:30:00","guid":{"rendered":"http:\/\/levangilealecran.com?p=1021"},"modified":"2016-02-19T09:31:16","modified_gmt":"2016-02-19T08:31:16","slug":"2e-dimanche-de-careme-c","status":"publish","type":"post","link":"https:\/\/levangilealecran.com\/?p=1021","title":{"rendered":"2e dimanche de Car\u00eame &#8211; C"},"content":{"rendered":"<p style=\"text-align: justify;\">\u00ab\u00a0En ce temps-l\u00e0,\u00a0J\u00e9sus prit avec lui Pierre, Jean et Jacques, et il gravit la montagne pour prier.\u00a0\u00bb (Luc 9,28b)<\/p>\n<p style=\"text-align: justify;\"><strong>&gt; En ce deuxi\u00e8me dimanche de car\u00eame, J\u00e9sus nous emm\u00e8ne, apr\u00e8s le d\u00e9sert, dans un autre lieu traditionnel biblique\u00a0: en montagne. La montagne, ce lieu des th\u00e9ophanies, des r\u00e9v\u00e9lations de Dieu aux humains, d\u00e9voile ici une exp\u00e9rience mystique de transfiguration. Suivant le passage qui annonce la souffrance du Fils \u00e0 venir, cet \u00e9v\u00e9nement mystique pointe \u00e0 la fois sur la souffrance de la Croix \u00e0 venir et \u00e0 la fois sur la gloire de Dieu r\u00e9v\u00e9l\u00e9e \u00e0 P\u00e2ques.<\/strong><\/p>\n<p style=\"text-align: justify;\"><strong>Pour cette semaine de Car\u00eame, et si nous\u00a0aussi nous\u00a0allions en montagne pour prier\u00a0? Car la pri\u00e8re, seul ou avec des amis comme pour J\u00e9sus, est puissante. Elle peut transfigurer les \u00eatres et les choses, elle peut transfigurer notre vie, nos souffrances, transfigurer des croix personnelles en petites r\u00e9surrections. Cette semaine, nous sommes donc\u00a0invit\u00e9s \u00e0 prendre le temps en montagne, o\u00f9 bon nous\u00a0semble, que ce soit au bord d\u2019une piste de ski, sur un t\u00e9l\u00e9si\u00e8ge, dans un coin de for\u00eat, dans une chapelle isol\u00e9e ou simplement dans un coin retranch\u00e9 d\u2019un chalet ou d\u2019une \u00e9glise, de faire n\u00f4tre\u00a0cette pri\u00e8re\u00a0\u00ab\u00a0Seigneur, Dieu de gloire, transfigure-nous\u00a0!\u00a0\u00bb, comme par exemple avec cette belle pri\u00e8re\u00a0:<\/strong><\/p>\n<p style=\"text-align: justify;\"><em>Seigneur, transfigure ma vie !<\/em><\/p>\n<p style=\"text-align: justify;\"><em>C\u2019est tout l\u2019univers qui t\u2019acclame, Seigneur !<\/em><\/p>\n<p style=\"text-align: justify;\"><em>Car c\u2019est toi qui en es le cr\u00e9ateur.<\/em><\/p>\n<p style=\"text-align: justify;\"><em>Nous pensons \u00e0 ta Parole :<\/em><\/p>\n<p style=\"text-align: justify;\"><em>A qui irions-nous Seigneur ?<\/em><\/p>\n<p style=\"text-align: justify;\"><em>Tu as les Paroles de la Vie et du Bonheur.<\/em><\/p>\n<p style=\"text-align: justify;\"><em>Pourquoi ne t\u2019\u00e9coutons-nous pas toujours ?<\/em><\/p>\n<p style=\"text-align: justify;\"><em>Nous sommes si faibles face \u00e0 ton Amour.<\/em><\/p>\n<p style=\"text-align: justify;\"><em>Aide-nous \u00e0 rena\u00eetre \u00e0 ton image<\/em><\/p>\n<p style=\"text-align: justify;\"><em>Afin que notre chemin soit plus sage.<\/em><\/p>\n<p style=\"text-align: justify;\"><em>Car tu es la lumi\u00e8re, la V\u00e9rit\u00e9,<\/em><\/p>\n<p style=\"text-align: justify;\"><em>Le Dieu qui m\u00e8ne \u00e0 la paix.<\/em><\/p>\n<p style=\"text-align: justify;\"><em>Tes bras sont notre refuge,<\/em><\/p>\n<p style=\"text-align: justify;\"><em>Ta voix est silencieuse.<\/em><\/p>\n<p style=\"text-align: justify;\"><em>Mais tes pas se font retentir au plus profond de notre coeur.<\/em><\/p>\n<p style=\"text-align: justify;\"><em>Reste avec nous Seigneur,<\/em><\/p>\n<p style=\"text-align: justify;\"><em>Nous sommes Heureux d\u2019\u00eatre avec toi !<\/em><\/p>\n<p style=\"text-align: justify;\"><em>Transfigure-nous face \u00e0 notre faible foi.<\/em><\/p>\n<p style=\"text-align: justify;\"><em>Et sur la montagne de notre vie,<\/em><\/p>\n<p style=\"text-align: justify;\"><em>Que nous gravissons p\u00e9niblement,<\/em><\/p>\n<p style=\"text-align: justify;\"><em>Fais briller dans notre nuit<\/em><\/p>\n<p style=\"text-align: justify;\"><em>Ton visage, \u00e9ternellement !<\/em><\/p>\n<p style=\"text-align: justify;\">Auteur de la pri\u00e8re : Brigitte Butez, sal\u00e9sienne coop\u00e9ratrice<\/p>\n<p style=\"text-align: justify;\"><a href=\"http:\/\/users.skynet.be\/prier\/textes\/PR1585.HTM\" target=\"_blank\">http:\/\/users.skynet.be\/prier\/textes\/PR1585.HTM<\/a><\/p>\n","protected":false},"excerpt":{"rendered":"<p>\u00ab\u00a0En ce temps-l\u00e0,\u00a0J\u00e9sus prit avec lui Pierre, Jean et Jacques, et il gravit la montagne pour prier.\u00a0\u00bb (Luc 9,28b) &gt; En ce deuxi\u00e8me dimanche de car\u00eame, J\u00e9sus nous emm\u00e8ne, apr\u00e8s le d\u00e9sert, dans un autre lieu traditionnel biblique\u00a0: en montagne. La montagne, ce lieu des th\u00e9ophanies, des r\u00e9v\u00e9lations de Dieu aux humains, d\u00e9voile ici une exp\u00e9rience mystique de transfiguration. Suivant le passage qui annonce la souffrance du Fils \u00e0 venir, cet \u00e9v\u00e9nement mystique pointe \u00e0 la fois sur la souffrance de la Croix \u00e0 venir et \u00e0 la fois sur la gloire de Dieu r\u00e9v\u00e9l\u00e9e \u00e0 P\u00e2ques. Pour cette semaine de Car\u00eame, et si nous\u00a0aussi nous\u00a0allions en montagne pour prier\u00a0? \u2026 <a class=\"continue-reading-link\" href=\"https:\/\/levangilealecran.com\/?p=1021\"> Continue reading <span class=\"meta-nav\">&rarr; <\/span><\/a><\/p>\n","protected":false},"author":1,"featured_media":0,"comment_status":"open","ping_status":"open","sticky":false,"template":"","format":"standard","meta":{"footnotes":""},"categories":[44,6],"tags":[501,237,48,31,49],"class_list":["post-1021","post","type-post","status-publish","format-standard","hentry","category-careme","category-luc","tag-brigittebutez","tag-lumiere","tag-montagne","tag-priere","tag-transfiguration"],"_links":{"self":[{"href":"https:\/\/levangilealecran.com\/index.php?rest_route=\/wp\/v2\/posts\/1021","targetHints":{"allow":["GET"]}}],"collection":[{"href":"https:\/\/levangilealecran.com\/index.php?rest_route=\/wp\/v2\/posts"}],"about":[{"href":"https:\/\/levangilealecran.com\/index.php?rest_route=\/wp\/v2\/types\/post"}],"author":[{"embeddable":true,"href":"https:\/\/levangilealecran.com\/index.php?rest_route=\/wp\/v2\/users\/1"}],"replies":[{"embeddable":true,"href":"https:\/\/levangilealecran.com\/index.php?rest_route=%2Fwp%2Fv2%2Fcomments&post=1021"}],"version-history":[{"count":3,"href":"https:\/\/levangilealecran.com\/index.php?rest_route=\/wp\/v2\/posts\/1021\/revisions"}],"predecessor-version":[{"id":1024,"href":"https:\/\/levangilealecran.com\/index.php?rest_route=\/wp\/v2\/posts\/1021\/revisions\/1024"}],"wp:attachment":[{"href":"https:\/\/levangilealecran.com\/index.php?rest_route=%2Fwp%2Fv2%2Fmedia&parent=1021"}],"wp:term":[{"taxonomy":"category","embeddable":true,"href":"https:\/\/levangilealecran.com\/index.php?rest_route=%2Fwp%2Fv2%2Fcategories&post=1021"},{"taxonomy":"post_tag","embeddable":true,"href":"https:\/\/levangilealecran.com\/index.php?rest_route=%2Fwp%2Fv2%2Ftags&post=1021"}],"curies":[{"name":"wp","href":"https:\/\/api.w.org\/{rel}","templated":true}]}}