{"id":1007,"date":"2016-01-22T21:03:02","date_gmt":"2016-01-22T20:03:02","guid":{"rendered":"http:\/\/levangilealecran.com?p=1007"},"modified":"2016-01-22T21:03:02","modified_gmt":"2016-01-22T20:03:02","slug":"3e-dimanche-c-2","status":"publish","type":"post","link":"https:\/\/levangilealecran.com\/?p=1007","title":{"rendered":"3e dimanche &#8211; C"},"content":{"rendered":"<p style=\"text-align: justify;\">\u00abAlors il commen\u00e7a \u00e0 leur dire : \u00ab\u00a0Aujourd\u2019hui s\u2019accomplit ce passage de l\u2019\u00c9criture que vous venez d\u2019entendre\u00a0\u00bb. \u00bb &#8211; Lc 4, 21<\/p>\n<p style=\"text-align: justify;\"><strong>&gt; J\u00e9sus vient de citer un passage du proph\u00e8te Esa\u00efe qui peut \u00eatre consid\u00e9r\u00e9 comme son \u00ab programme \u00bb pour son minist\u00e8re terrestre d\u2019enseignement, de gu\u00e9rison et d\u2019annonce du Royaume. Notons les termes de ce verset : \u00ab commencer \u00bb, \u00ab\u00a0aujourd\u2019hui\u00a0\u00bb, \u00ab s\u2019accomplir \u00bb. J\u00e9sus se situe\u00a0\u00e0 la charni\u00e8re entre ce qu\u2019ont annonc\u00e9 les proph\u00e8tes (la tradition scripturaire) et ce qui est en train de se produire au moment o\u00f9 il \u00ab commence \u00bb \u00e0 enseigner (dans le temps historique, ici et maintenant).<\/strong><\/p>\n<p style=\"text-align: justify;\"><strong>En ce d\u00e9but d\u2019ann\u00e9e, il nous est\u00a0propos\u00e9 de r\u00e9fl\u00e9chir au lien entre ce qui est \u00e9crit dans la Bible et notre\u00a0histoire personnelle. Cette semaine, essayons de prendre le temps de lire un ou deux versets de l\u2019\u00e9vangile du jour, chaque jour, et de se demander comment cette parole de J\u00e9sus, ou cette parabole, ou cette gu\u00e9rison, nous\u00a0rejoint dans la journ\u00e9e. Percevrons-nous que J\u00e9sus veut notre\u00a0bien et nous\u00a0sauve, nous, d\u00e9j\u00e0 aujourd\u2019hui ? Oui, maintenant, \u00e0 chaque minute, tout peut (re)commencer, conform\u00e9ment \u00e0 ce qui a \u00e9t\u00e9 annonc\u00e9 avant lui par les proph\u00e8tes de l\u2019Ancien Testament. Essayons\u00a0! Cela risque bien d\u2019all\u00e9ger et d\u2019embellir notre\u00a0quotidien\u2026<\/strong><\/p>\n","protected":false},"excerpt":{"rendered":"<p>\u00abAlors il commen\u00e7a \u00e0 leur dire : \u00ab\u00a0Aujourd\u2019hui s\u2019accomplit ce passage de l\u2019\u00c9criture que vous venez d\u2019entendre\u00a0\u00bb. \u00bb &#8211; Lc 4, 21 &gt; J\u00e9sus vient de citer un passage du proph\u00e8te Esa\u00efe qui peut \u00eatre consid\u00e9r\u00e9 comme son \u00ab programme \u00bb pour son minist\u00e8re terrestre d\u2019enseignement, de gu\u00e9rison et d\u2019annonce du Royaume. Notons les termes de ce verset : \u00ab commencer \u00bb, \u00ab\u00a0aujourd\u2019hui\u00a0\u00bb, \u00ab s\u2019accomplir \u00bb. J\u00e9sus se situe\u00a0\u00e0 la charni\u00e8re entre ce qu\u2019ont annonc\u00e9 les proph\u00e8tes (la tradition scripturaire) et ce qui est en train de se produire au moment o\u00f9 il \u00ab commence \u00bb \u00e0 enseigner (dans le temps historique, ici et maintenant). En ce d\u00e9but d\u2019ann\u00e9e, il \u2026 <a class=\"continue-reading-link\" href=\"https:\/\/levangilealecran.com\/?p=1007\"> Continue reading <span class=\"meta-nav\">&rarr; <\/span><\/a><\/p>\n","protected":false},"author":1,"featured_media":0,"comment_status":"open","ping_status":"open","sticky":false,"template":"","format":"standard","meta":{"footnotes":""},"categories":[4,6],"tags":[194,40,80,81,431,126],"class_list":["post-1007","post","type-post","status-publish","format-standard","hentry","category-dimanche","category-luc","tag-accomplissement","tag-aujourdhui","tag-evangile","tag-lecture","tag-luc","tag-recommencer"],"_links":{"self":[{"href":"https:\/\/levangilealecran.com\/index.php?rest_route=\/wp\/v2\/posts\/1007","targetHints":{"allow":["GET"]}}],"collection":[{"href":"https:\/\/levangilealecran.com\/index.php?rest_route=\/wp\/v2\/posts"}],"about":[{"href":"https:\/\/levangilealecran.com\/index.php?rest_route=\/wp\/v2\/types\/post"}],"author":[{"embeddable":true,"href":"https:\/\/levangilealecran.com\/index.php?rest_route=\/wp\/v2\/users\/1"}],"replies":[{"embeddable":true,"href":"https:\/\/levangilealecran.com\/index.php?rest_route=%2Fwp%2Fv2%2Fcomments&post=1007"}],"version-history":[{"count":1,"href":"https:\/\/levangilealecran.com\/index.php?rest_route=\/wp\/v2\/posts\/1007\/revisions"}],"predecessor-version":[{"id":1008,"href":"https:\/\/levangilealecran.com\/index.php?rest_route=\/wp\/v2\/posts\/1007\/revisions\/1008"}],"wp:attachment":[{"href":"https:\/\/levangilealecran.com\/index.php?rest_route=%2Fwp%2Fv2%2Fmedia&parent=1007"}],"wp:term":[{"taxonomy":"category","embeddable":true,"href":"https:\/\/levangilealecran.com\/index.php?rest_route=%2Fwp%2Fv2%2Fcategories&post=1007"},{"taxonomy":"post_tag","embeddable":true,"href":"https:\/\/levangilealecran.com\/index.php?rest_route=%2Fwp%2Fv2%2Ftags&post=1007"}],"curies":[{"name":"wp","href":"https:\/\/api.w.org\/{rel}","templated":true}]}}