{"id":1002,"date":"2016-01-08T00:10:54","date_gmt":"2016-01-07T23:10:54","guid":{"rendered":"http:\/\/levangilealecran.com?p=1002"},"modified":"2016-01-08T00:10:54","modified_gmt":"2016-01-07T23:10:54","slug":"bapteme-du-seigneur-c-2","status":"publish","type":"post","link":"https:\/\/levangilealecran.com\/?p=1002","title":{"rendered":"Bapt\u00eame du Seigneur &#8211; C"},"content":{"rendered":"<p style=\"text-align: justify;\">\u00ab\u00a0Comme tout le peuple se faisait baptiser et qu&rsquo;apr\u00e8s avoir \u00e9t\u00e9 baptis\u00e9 lui aussi, J\u00e9sus priait, le ciel s&rsquo;ouvrit.\u00a0\u00bb (Lc 3,21)<\/p>\n<p style=\"text-align: justify;\"><strong>&gt; Le bapt\u00eame du Christ, f\u00eat\u00e9 ce week-end, vient \u00e0 point nomm\u00e9 pour nous aider \u00e0 r\u00e9activer notre propre bapt\u00eame. En connaissons-nous seulement la date ? Si ce n&rsquo;est pas le cas, voil\u00e0 une bonne occasion de la chercher cette semaine, en lan\u00e7ant un coup de fil \u00e0 notre paroisse de bapt\u00eame. SI nous la connaissons, notons-la dans notre agenda histoire de f\u00eater ce jour de notre naissance dans le coeur de Dieu.<\/strong><\/p>\n<p style=\"text-align: justify;\"><strong>Et si nous sommes Marraine ou Parrain, connaissons-nous la date de bapt\u00eame de notre Filleul-e ? Voil\u00e0 aussi une bonne occasion de la rechercher, de la noter et de f\u00eater au jour-dit !<\/strong><\/p>\n","protected":false},"excerpt":{"rendered":"<p>\u00ab\u00a0Comme tout le peuple se faisait baptiser et qu&rsquo;apr\u00e8s avoir \u00e9t\u00e9 baptis\u00e9 lui aussi, J\u00e9sus priait, le ciel s&rsquo;ouvrit.\u00a0\u00bb (Lc 3,21) &gt; Le bapt\u00eame du Christ, f\u00eat\u00e9 ce week-end, vient \u00e0 point nomm\u00e9 pour nous aider \u00e0 r\u00e9activer notre propre bapt\u00eame. En connaissons-nous seulement la date ? Si ce n&rsquo;est pas le cas, voil\u00e0 une bonne occasion de la chercher cette semaine, en lan\u00e7ant un coup de fil \u00e0 notre paroisse de bapt\u00eame. SI nous la connaissons, notons-la dans notre agenda histoire de f\u00eater ce jour de notre naissance dans le coeur de Dieu. Et si nous sommes Marraine ou Parrain, connaissons-nous la date de bapt\u00eame de notre Filleul-e ? \u2026 <a class=\"continue-reading-link\" href=\"https:\/\/levangilealecran.com\/?p=1002\"> Continue reading <span class=\"meta-nav\">&rarr; <\/span><\/a><\/p>\n","protected":false},"author":1,"featured_media":0,"comment_status":"open","ping_status":"open","sticky":false,"template":"","format":"standard","meta":{"footnotes":""},"categories":[24,201],"tags":[495,226,492,494,493],"class_list":["post-1002","post","type-post","status-publish","format-standard","hentry","category-fetes","category-noel","tag-anniversaire","tag-bapteme","tag-date","tag-fete","tag-recherche"],"_links":{"self":[{"href":"https:\/\/levangilealecran.com\/index.php?rest_route=\/wp\/v2\/posts\/1002","targetHints":{"allow":["GET"]}}],"collection":[{"href":"https:\/\/levangilealecran.com\/index.php?rest_route=\/wp\/v2\/posts"}],"about":[{"href":"https:\/\/levangilealecran.com\/index.php?rest_route=\/wp\/v2\/types\/post"}],"author":[{"embeddable":true,"href":"https:\/\/levangilealecran.com\/index.php?rest_route=\/wp\/v2\/users\/1"}],"replies":[{"embeddable":true,"href":"https:\/\/levangilealecran.com\/index.php?rest_route=%2Fwp%2Fv2%2Fcomments&post=1002"}],"version-history":[{"count":1,"href":"https:\/\/levangilealecran.com\/index.php?rest_route=\/wp\/v2\/posts\/1002\/revisions"}],"predecessor-version":[{"id":1003,"href":"https:\/\/levangilealecran.com\/index.php?rest_route=\/wp\/v2\/posts\/1002\/revisions\/1003"}],"wp:attachment":[{"href":"https:\/\/levangilealecran.com\/index.php?rest_route=%2Fwp%2Fv2%2Fmedia&parent=1002"}],"wp:term":[{"taxonomy":"category","embeddable":true,"href":"https:\/\/levangilealecran.com\/index.php?rest_route=%2Fwp%2Fv2%2Fcategories&post=1002"},{"taxonomy":"post_tag","embeddable":true,"href":"https:\/\/levangilealecran.com\/index.php?rest_route=%2Fwp%2Fv2%2Ftags&post=1002"}],"curies":[{"name":"wp","href":"https:\/\/api.w.org\/{rel}","templated":true}]}}